{"id":21,"date":"2009-09-07T21:31:00","date_gmt":"2009-09-07T19:31:00","guid":{"rendered":"http:\/\/www.bolandfamily.de\/mark\/?p=21"},"modified":"2009-09-07T21:34:39","modified_gmt":"2009-09-07T19:34:39","slug":"weiteres-aus-den-azubi-archiven","status":"publish","type":"post","link":"https:\/\/www.bolandfamily.de\/mark\/blog\/2009\/09\/07\/weiteres-aus-den-azubi-archiven\/","title":{"rendered":"Weiteres aus den Azubi-Archiven&#8230;"},"content":{"rendered":"<p>Noch mal gest\u00f6bert, noch einmal was gefunden: Auch das 2. Buch Homo Azubis ist wieder aufgetaucht. Frisch destilliert erstrahlt das PDF in neuem Glanz. Bitte sehr:<\/p>\n<div id=\"attachment_25\" style=\"width: 520px\" class=\"wp-caption alignnone\"><a href=\"http:\/\/www.bolandfamily.de\/mark\/wp-content\/uploads\/2009\/09\/Frontpage.png\"><img aria-describedby=\"caption-attachment-25\" data-attachment-id=\"25\" data-permalink=\"https:\/\/www.bolandfamily.de\/mark\/blog\/2009\/09\/07\/weiteres-aus-den-azubi-archiven\/frontpage\/\" data-orig-file=\"https:\/\/www.bolandfamily.de\/mark\/wp-content\/uploads\/2009\/09\/Frontpage.png\" data-orig-size=\"510,421\" data-comments-opened=\"1\" data-image-meta=\"{&quot;aperture&quot;:&quot;0&quot;,&quot;credit&quot;:&quot;&quot;,&quot;camera&quot;:&quot;&quot;,&quot;caption&quot;:&quot;&quot;,&quot;created_timestamp&quot;:&quot;0&quot;,&quot;copyright&quot;:&quot;&quot;,&quot;focal_length&quot;:&quot;0&quot;,&quot;iso&quot;:&quot;0&quot;,&quot;shutter_speed&quot;:&quot;0&quot;,&quot;title&quot;:&quot;&quot;}\" data-image-title=\"Frontpage 2. Buch Azubi\" data-image-description=\"&lt;p&gt;Da sich die Auflage explosionsartig vervielfachte, musste ein entsprechender Titel her&lt;\/p&gt;\n\" data-image-caption=\"&lt;p&gt;Azuboom &#8211; Titelbild des zweiten Azubi-Buches&lt;\/p&gt;\n\" data-medium-file=\"https:\/\/www.bolandfamily.de\/mark\/wp-content\/uploads\/2009\/09\/Frontpage-300x247.png\" data-large-file=\"https:\/\/www.bolandfamily.de\/mark\/wp-content\/uploads\/2009\/09\/Frontpage.png\" decoding=\"async\" loading=\"lazy\" class=\"size-full wp-image-25\" title=\"Frontpage 2. Buch Azubi\" src=\"http:\/\/www.bolandfamily.de\/mark\/wp-content\/uploads\/2009\/09\/Frontpage.png\" alt=\"Azuboom - Titelbild des zweiten Azubi-Buches\" width=\"510\" height=\"421\" srcset=\"https:\/\/www.bolandfamily.de\/mark\/wp-content\/uploads\/2009\/09\/Frontpage.png 510w, https:\/\/www.bolandfamily.de\/mark\/wp-content\/uploads\/2009\/09\/Frontpage-300x247.png 300w\" sizes=\"(max-width: 510px) 100vw, 510px\" \/><\/a><p id=\"caption-attachment-25\" class=\"wp-caption-text\">Azuboom - Titelbild des zweiten Azubi-Buches<\/p><\/div>\n<p><a href=\"http:\/\/www.bolandfamily.de\/mark\/wp-content\/uploads\/2009\/09\/Homo-Azubis-2-Azuboom.pdf\">Homo Azubis 2-Azuboom<\/a> 1,9 MB<\/p>\n<p>Diesmal gibt gleich einen ganz abenteuerlichen Ritt durch die Zeit von den pr\u00e4historischen Anf\u00e4ngen bis zu den unvorstellbaren Tiefen der Zukunft. Auch erfahren wir mehr \u00fcber die Subspezies des bayrischen Azubis und \u00fcber das (m\u00f6gliche) \u00dcberleben in tropischen und arktischen Gefilden.<\/p>\n<p>Neu ist eine Serie \u00fcber m\u00e4rchenhafte Verwicklungen von buchungsbereiten Azubis und die ultimative IHK-Pr\u00fcfung f\u00fcr den angehenden Kaufmann.<\/p>\n","protected":false},"excerpt":{"rendered":"<p>Das zweite Buch \u00fcbertrifft das erste bei weitem in Punkto Themenvielfalt und Tiefgang.<\/p>\n","protected":false},"author":3,"featured_media":0,"comment_status":"open","ping_status":"closed","sticky":false,"template":"","format":"standard","meta":{"jetpack_post_was_ever_published":false,"jetpack_publicize_message":"","jetpack_is_tweetstorm":false,"jetpack_publicize_feature_enabled":true,"jetpack_social_post_already_shared":false,"jetpack_social_options":{"image_generator_settings":{"template":"highway","enabled":false}}},"categories":[3],"tags":[],"jetpack_publicize_connections":[],"jetpack_featured_media_url":"","jetpack_shortlink":"https:\/\/wp.me\/p2WfPA-l","jetpack_sharing_enabled":true,"_links":{"self":[{"href":"https:\/\/www.bolandfamily.de\/mark\/wp-json\/wp\/v2\/posts\/21"}],"collection":[{"href":"https:\/\/www.bolandfamily.de\/mark\/wp-json\/wp\/v2\/posts"}],"about":[{"href":"https:\/\/www.bolandfamily.de\/mark\/wp-json\/wp\/v2\/types\/post"}],"author":[{"embeddable":true,"href":"https:\/\/www.bolandfamily.de\/mark\/wp-json\/wp\/v2\/users\/3"}],"replies":[{"embeddable":true,"href":"https:\/\/www.bolandfamily.de\/mark\/wp-json\/wp\/v2\/comments?post=21"}],"version-history":[{"count":3,"href":"https:\/\/www.bolandfamily.de\/mark\/wp-json\/wp\/v2\/posts\/21\/revisions"}],"predecessor-version":[{"id":24,"href":"https:\/\/www.bolandfamily.de\/mark\/wp-json\/wp\/v2\/posts\/21\/revisions\/24"}],"wp:attachment":[{"href":"https:\/\/www.bolandfamily.de\/mark\/wp-json\/wp\/v2\/media?parent=21"}],"wp:term":[{"taxonomy":"category","embeddable":true,"href":"https:\/\/www.bolandfamily.de\/mark\/wp-json\/wp\/v2\/categories?post=21"},{"taxonomy":"post_tag","embeddable":true,"href":"https:\/\/www.bolandfamily.de\/mark\/wp-json\/wp\/v2\/tags?post=21"}],"curies":[{"name":"wp","href":"https:\/\/api.w.org\/{rel}","templated":true}]}}